{"id":2038,"date":"2021-05-18T15:33:22","date_gmt":"2021-05-18T15:33:22","guid":{"rendered":"https:\/\/iepecdg.com.br\/podcast\/?p=2038"},"modified":"2021-12-28T17:37:54","modified_gmt":"2021-12-28T17:37:54","slug":"edmar-bacha","status":"publish","type":"post","link":"https:\/\/iepecdg.com.br\/podcast\/podcast\/edmar-bacha\/","title":{"rendered":"Edmar Bacha"},"content":{"rendered":"\n<figure class=\"wp-block-audio\"><audio controls src=\"https:\/\/iepecdg.com.br\/podcast\/wp-content\/uploads\/2021\/05\/POD-BACHA-NOVA-2.mp3\"><\/audio><\/figure>\n\n\n\n<p class=\"has-normal-font-size\">Edmar Lisboa Bacha \u00e9 s\u00f3cio fundador e diretor do Instituto de Estudos de Pol\u00edtica Econ\u00f4mica\/Casa das Gar\u00e7as, um <em>think-tank<\/em> no Rio de Janeiro.&nbsp; \u00c9 membro da Academia Brasileira de Letras e da Academia Brasileira de Ci\u00eancias.&nbsp;<\/p>\n\n\n\n<p class=\"has-normal-font-size\">Formou-se em economia pela Faculdade de Ci\u00eancias Econ\u00f4micas da UFMG. \u00c9 um dos primeiros economistas brasileiros com doutorado no exterior, pela Universidade de Yale, em 1968.<\/p>\n\n\n\n<p class=\"has-normal-font-size\">Em 1974, publicou uma f\u00e1bula sobre o reino de Bel\u00edndia, jun\u00e7\u00e3o de B\u00e9lgica com \u00cdndia, que se tornou desde ent\u00e3o uma imagem recorrente do Brasil.&nbsp;<\/p>\n\n\n\n<p class=\"has-normal-font-size\">Integrou a equipe econ\u00f4mica que dominou a hiperinfla\u00e7\u00e3o com o Plano Real, em 1994.&nbsp;<\/p>\n\n\n\n<p class=\"has-normal-font-size\">Foi presidente do BNDES e do IBGE e professor em diversas universidades brasileiras e americanas.&nbsp;<\/p>\n\n\n\n<p class=\"has-normal-font-size\">Em 2012, publicou \u201cBel\u00edndia 2.0: F\u00e1bulas e Ensaios sobre o Pa\u00eds dos Contrastes\u201d (Civiliza\u00e7\u00e3o Brasileira, 2012). O \u00faltimo livro que organizou, em colabora\u00e7\u00e3o com outros autores, \u00e9 \u201c130 Anos: Em Busca da Rep\u00fablica\u201d (Intr\u00ednseca, 2019). Ambos foram agraciados com o Pr\u00eamio Jabuti de melhor livro do ano, respectivamente nas \u00e1reas de economia, em 2013, e de ci\u00eancias sociais, em 2020.&nbsp;<\/p>\n\n\n\n<p class=\"has-normal-font-size\">Seu livro de mem\u00f3rias, de 2021, intitula-se \u201cNo Pa\u00eds dos Contrastes: Mem\u00f3rias da Inf\u00e2ncia ao Plano Real\u201d, publicado na S\u00e9rie Hist\u00f3ria Real da Editora Intr\u00ednseca.<\/p>\n\n\n\n<hr>\n\n\n\n<p class=\"has-megaphone-acc-color has-text-color has-large-font-size\"><strong>Resumo:<\/strong><\/p>\n\n\n\n<div id=\"resumo\" style=\"position: relative; top: -200px\"><\/div>\n\n\n\n<p class=\"has-normal-font-size\">O Instituto de Estudos de Pol\u00edtica Econ\u00f4mica, Casa das Gar\u00e7as, recebe o seu s\u00f3cio fundador e diretor Edmar Lisboa Bacha. Bacha participou da equipe econ\u00f4mica que dominou a hiperinfla\u00e7\u00e3o no Brasil atrav\u00e9s da implementa\u00e7\u00e3o do Plano Real (1994). Inaugurando a s\u00e9rie de 3 epis\u00f3dios sobre o plano, o economista e membro da Academia de Letras destaca o papel do Departamento de Economia da PUC RIO nas discuss\u00f5es sobre as causas da infla\u00e7\u00e3o e as pol\u00edticas para o seu controle, o aprendizado com as experi\u00eancias de estabiliza\u00e7\u00e3o no Brasil e no mundo, os caminhos para o Plano Real, os desafios da implementa\u00e7\u00e3o do Real e o papel cr\u00edtico da lideran\u00e7a, da equipe e da negocia\u00e7\u00e3o para o sucesso do plano.&nbsp;<\/p>\n\n\n\n<p class=\"has-normal-font-size\"><strong>A infla\u00e7\u00e3o elevada domina e inspira o f\u00e9rtil momento do Departamento de Economia da PUC RIO. \u00c9 uma fase de germina\u00e7\u00e3o e desenho de propostas (1979-93) &#8230;<\/strong><\/p>\n\n\n\n<p class=\"has-normal-font-size\">J\u00e1 nos finais da ditadura, ainda sob o desafio de redemocratiza\u00e7\u00e3o, o Brasil vivia as recorrentes crises do balan\u00e7o de pagamentos e as suas consequ\u00eancias inflacion\u00e1rias. \u00c9 o momento de cria\u00e7\u00e3o do programa de mestrado do departamento de economia da PUC, incorpora\u00e7\u00e3o de novos professores e um foco de pesquisas centrado na infla\u00e7\u00e3o e nos problemas da d\u00edvida externa e do balan\u00e7o de pagamentos. As propostas afastam-se da prefer\u00eancia entre gradualismo X tratamento de choque e passam a explorar as fontes inerciais da infla\u00e7\u00e3o e as op\u00e7\u00f5es heterodoxas ao seu combate.<\/p>\n\n\n\n<p class=\"has-normal-font-size\">&nbsp;<strong>A experi\u00eancia do Plano Cruzado como li\u00e7\u00e3o para a constru\u00e7\u00e3o do Plano Real&#8230;<\/strong><\/p>\n\n\n\n<p class=\"has-normal-font-size\">O Plano Cruzado e demais experi\u00eancias de fracasso de estabiliza\u00e7\u00e3o foram uma fonte importante de aprendizagem. H\u00e1 um aprendizado sobre como os incentivos pol\u00edticos moldam as op\u00e7\u00f5es de pol\u00edtica econ\u00f4mica, a exemplo da introdu\u00e7\u00e3o de abonos e congelamentos prolongados que impactaram negativamente o Cruzado. \u00c9 dada maior aten\u00e7\u00e3o aos efeitos jur\u00eddicos das medidas e \u00e0 capacidade de os agentes anteciparem e se defenderem de interven\u00e7\u00f5es. Um importante produto desse per\u00edodo \u00e9 a contribui\u00e7\u00e3o de P\u00e9rsio Arida e Andr\u00e9 Lara Resende, a proposta Larida, uma nova forma de combate \u00e0 infla\u00e7\u00e3o que se distanciava dos congelamentos e era pautada pelo maior papel dos incentivos volunt\u00e1rios.<\/p>\n\n\n\n<p class=\"has-normal-font-size\"><strong>Equipe, coes\u00e3o de ideias e lideran\u00e7a pol\u00edtica&#8230;<\/strong><\/p>\n\n\n\n<p class=\"has-normal-font-size\">Com a admiss\u00e3o de Pedro Malan na presid\u00eancia do Banco Central (1993), P\u00e9rsio Arida no BNDES, Andr\u00e9 L. Resende como novo negociador da d\u00edvida externa e Fernando H. Cardoso como ministro da Fazenda, as condi\u00e7\u00f5es, finalmente, viriam a se tornar favor\u00e1veis para a elabora\u00e7\u00e3o de um plano que fizesse um ataque frontal \u00e0 infla\u00e7\u00e3o. A equipe \u00e9 ampliada e nasce o Plano Real. O caminho, produto de muitas discuss\u00f5es acad\u00eamicas e de novas respostas aos desafios na fase de implementa\u00e7\u00e3o, baseava-se na cria\u00e7\u00e3o da URV, a Unidade Real de Valor, o que equivalia \u00e0 ufiriza\u00e7\u00e3o\u00b2 de pre\u00e7os e sal\u00e1rios. O plano segue um conjunto de etapas que se inicia pela consolida\u00e7\u00e3o fiscal e termina com o lan\u00e7amento da nova moeda, o Real.&nbsp;<\/p>\n\n\n\n<p class=\"has-normal-font-size\"><strong>Um plano intensivo em negocia\u00e7\u00f5es com o Congresso&#8230;<\/strong><\/p>\n\n\n\n<p class=\"has-normal-font-size\">A implementa\u00e7\u00e3o do plano exigiu um trabalho intenso de negocia\u00e7\u00e3o e convencimento. A aprova\u00e7\u00e3o das medidas de transi\u00e7\u00e3o para a nova moeda e a cria\u00e7\u00e3o do fundo social de emerg\u00eancia demandaram di\u00e1logos e presen\u00e7as constantes no Congresso Nacional. O grande trunfo negociador esteve na oferta de um produto de alta demanda da popula\u00e7\u00e3o &#8211; a infla\u00e7\u00e3o baixa- e, na expectativa dos efeitos desse novo ambiente sobre o crescimento do sal\u00e1rio real e a popularidade dos pol\u00edticos que o apoiavam.&nbsp;<\/p>\n\n\n\n<p class=\"has-normal-font-size\"><strong>Um resumo e uma li\u00e7\u00e3o&#8230;<\/strong><\/p>\n\n\n\n<p class=\"has-normal-font-size\">O desafio de formular pol\u00edticas e projetos bem sucedidos depende de m\u00faltiplos elementos: diagn\u00f3stico, aprendizagem com os erros e fracassos, equipe coesa e de qualidade, lideran\u00e7a pol\u00edtica e capacidade de negocia\u00e7\u00e3o. O principal legado do Real \u00e9 o controle da hiperinfla\u00e7\u00e3o; permanecem na agenda o aumento da capacidade de crescimento, a eleva\u00e7\u00e3o da produtividade e a redu\u00e7\u00e3o das desigualdades&nbsp;<\/p>\n\n\n\n<p class=\"has-small-font-size\"><strong>\u00b2 o termo vem da sigla UFIR (Unidade Fiscal de Refer\u00eancia), indexador fiscal utilizado para corre\u00e7\u00e3o de d\u00edvidas do governo.&nbsp;<\/strong><\/p>\n\n\n\n<hr>\n\n\n\n<p class=\"has-megaphone-acc-color has-text-color has-large-font-size\"><strong>Leituras sugeridas:<\/strong><\/p>\n\n\n\n<div id=\"leitura\" style=\"position: relative; top: -200px\"><\/div>\n\n\n\n<p class=\"has-normal-font-size\">Edmar Bacha, &#8220;O Plano Real: uma avalia\u00e7\u00e3o&#8221;. Em: E. Bacha, Bel\u00edndia 2.0: F\u00e1bulas e Ensaios sobre o Pa\u00eds dos Contrastes. Rio de Janeiro: Civiliza\u00e7\u00e3o Brasileira, 2012, p\u00e1gs.135-175.<\/p>\n\n\n\n<p class=\"has-normal-font-size\">Edmar Bacha, No Pa\u00eds dos Contrastes: Mem\u00f3rias da Inf\u00e2ncia ao Plano Real. Rio de Janeiro: Intr\u00ednseca\/Hist\u00f3ria Real, outubro 2021.<\/p>\n\n\n\n<p class=\"has-normal-font-size\">Fernando Henrique Cardoso, &#8220;O Plano Real: da descren\u00e7a ao apoio popular&#8221;. Em: F. H. Cardoso, A Arte da Pol\u00edtica: A Hist\u00f3ria que Vivi. Rio de Janeiro: Civiliza\u00e7\u00e3o Brasileira, 2006, p\u00e1gs., 137-222.<\/p>\n\n\n\n<p class=\"has-normal-font-size\">Maria Clara do Prado, A Real Hist\u00f3ria do Real: Uma Radiografia da Moeda que Mudou o Pa\u00eds. Rio de Janeiro: Record, 2005. Reeditado com o t\u00edtulo: A Real Hist\u00f3ria do Plano Real: Uma Moeda Cunhada no Consenso Democr\u00e1tico. eBook Kindle, 2020.<\/p>\n\n\n\n<p class=\"has-normal-font-size\">Miriam Leit\u00e3o, Saga Brasileira: A Longa Luta de um Povo por sua Moeda. Rio de Janeiro: Record, 2011.&nbsp;<\/p>\n\n\n\n<p class=\"has-normal-font-size\">Carlos A. Sardenberg, Aventura e Agonia: Nos Bastidores do Cruzado. S\u00e3o Paulo: Cia. das Letras, 1987.<\/p>\n","protected":false},"excerpt":{"rendered":"<p>Edmar Lisboa Bacha \u00e9 s\u00f3cio fundador e diretor do Instituto de Estudos de Pol\u00edtica Econ\u00f4mica\/Casa das Gar\u00e7as, um think-tank no Rio de Janeiro.&nbsp; \u00c9 membro da Academia Brasileira de Letras e da Academia Brasileira de Ci\u00eancias.&nbsp; Formou-se em economia pela Faculdade de Ci\u00eancias Econ\u00f4micas da UFMG. \u00c9 um dos primeiros economistas brasileiros com doutorado no [&hellip;]<\/p>\n","protected":false},"author":1,"featured_media":1970,"comment_status":"closed","ping_status":"open","sticky":false,"template":"","format":"standard","meta":{"_jetpack_memberships_contains_paid_content":false,"footnotes":""},"categories":[92],"tags":[103,95],"class_list":["post-2038","post","type-post","status-publish","format-standard","has-post-thumbnail","hentry","category-a-arte-da-politica-economica","tag-1h05min","tag-plano-real"],"jetpack_sharing_enabled":true,"jetpack_featured_media_url":"https:\/\/iepecdg.com.br\/podcast\/wp-content\/uploads\/2021\/04\/image-5.png","jetpack-related-posts":[],"_links":{"self":[{"href":"https:\/\/iepecdg.com.br\/podcast\/wp-json\/wp\/v2\/posts\/2038","targetHints":{"allow":["GET"]}}],"collection":[{"href":"https:\/\/iepecdg.com.br\/podcast\/wp-json\/wp\/v2\/posts"}],"about":[{"href":"https:\/\/iepecdg.com.br\/podcast\/wp-json\/wp\/v2\/types\/post"}],"author":[{"embeddable":true,"href":"https:\/\/iepecdg.com.br\/podcast\/wp-json\/wp\/v2\/users\/1"}],"replies":[{"embeddable":true,"href":"https:\/\/iepecdg.com.br\/podcast\/wp-json\/wp\/v2\/comments?post=2038"}],"version-history":[{"count":4,"href":"https:\/\/iepecdg.com.br\/podcast\/wp-json\/wp\/v2\/posts\/2038\/revisions"}],"predecessor-version":[{"id":2209,"href":"https:\/\/iepecdg.com.br\/podcast\/wp-json\/wp\/v2\/posts\/2038\/revisions\/2209"}],"wp:featuredmedia":[{"embeddable":true,"href":"https:\/\/iepecdg.com.br\/podcast\/wp-json\/wp\/v2\/media\/1970"}],"wp:attachment":[{"href":"https:\/\/iepecdg.com.br\/podcast\/wp-json\/wp\/v2\/media?parent=2038"}],"wp:term":[{"taxonomy":"category","embeddable":true,"href":"https:\/\/iepecdg.com.br\/podcast\/wp-json\/wp\/v2\/categories?post=2038"},{"taxonomy":"post_tag","embeddable":true,"href":"https:\/\/iepecdg.com.br\/podcast\/wp-json\/wp\/v2\/tags?post=2038"}],"curies":[{"name":"wp","href":"https:\/\/api.w.org\/{rel}","templated":true}]}}